{"id":424,"date":"2023-07-02T00:37:00","date_gmt":"2023-07-01T21:37:00","guid":{"rendered":"https:\/\/www.smuzmandogalgaz.com.tr\/?p=424"},"modified":"2023-07-18T00:40:14","modified_gmt":"2023-07-17T21:40:14","slug":"sicak-havalarda-klima-kac-derecede-calistirilmalidir","status":"publish","type":"post","link":"https:\/\/www.smuzmandogalgaz.com.tr\/index.php\/2023\/07\/02\/sicak-havalarda-klima-kac-derecede-calistirilmalidir\/","title":{"rendered":"S\u0131cak Havalarda Klima Ka\u00e7 Derecede \u00c7al\u0131\u015ft\u0131r\u0131lmal\u0131d\u0131r?"},"content":{"rendered":"\n<p>S\u0131cak hava ko\u015fullar\u0131nda klimay\u0131 ne s\u0131cakl\u0131kta \u00e7al\u0131\u015ft\u0131rman\u0131z gerekti\u011fi, ki\u015fisel tercihlerinize, iklim ko\u015fullar\u0131na ve enerji tasarrufuna y\u00f6nelik hedeflerinize ba\u011fl\u0131 olarak de\u011fi\u015febilir. Ancak, genellikle s\u0131cak hava ko\u015fullar\u0131nda klimay\u0131 23-26\u00b0C (74-78\u00b0F) aras\u0131nda bir s\u0131cakl\u0131kta \u00e7al\u0131\u015ft\u0131rmak yayg\u0131n bir uygulamad\u0131r.<\/p>\n\n\n\n<p>\u0130\u015fte klimay\u0131 ne s\u0131cakl\u0131kta \u00e7al\u0131\u015ft\u0131rman\u0131z gerekti\u011fi konusunda dikkate alman\u0131z gereken baz\u0131 fakt\u00f6rler:<\/p>\n\n\n\n<p><strong>Konfor Seviyesi: <\/strong>S\u0131cakl\u0131k tercihleri ki\u015fisel ve k\u00fclt\u00fcrel farkliliklar g\u00f6sterebilir. Havan\u0131n size en rahat gelen s\u0131cakl\u0131\u011f\u0131 belirlemek i\u00e7in klimay\u0131 farkl\u0131 s\u0131cakl\u0131k seviyelerinde deneyebilirsiniz.<\/p>\n\n\n\n<p><strong>Enerji Tasarrufu: <\/strong>Daha y\u00fcksek s\u0131cakl\u0131klarda \u00e7al\u0131\u015ft\u0131rmak, daha d\u00fc\u015f\u00fck s\u0131cakl\u0131klarda \u00e7al\u0131\u015ft\u0131rmaktan daha fazla enerji t\u00fcketir. Enerji tasarrufu sa\u011flamak i\u00e7in klimay\u0131 ekonomik bir s\u0131cakl\u0131k seviyesinde \u00e7al\u0131\u015ft\u0131rmay\u0131 tercih edebilirsiniz.<\/p>\n\n\n\n<p><strong>D\u0131\u015f Ortam Ko\u015fullar\u0131: <\/strong>D\u0131\u015far\u0131daki hava s\u0131cakl\u0131\u011f\u0131na, nem seviyesine ve g\u00fcne\u015f \u0131\u015f\u0131\u011f\u0131na ba\u011fl\u0131 olarak, i\u00e7 mekandaki ideal s\u0131cakl\u0131k de\u011fi\u015febilir. D\u0131\u015f ko\u015fullar\u0131 g\u00f6z \u00f6n\u00fcnde bulundurarak klimay\u0131 ayarlamak faydal\u0131 olacakt\u0131r.<\/p>\n\n\n\n<p><strong>Uyku Saati: <\/strong>Uyku s\u0131ras\u0131nda v\u00fccut genellikle daha serin bir ortamda rahatlar. Uyku odas\u0131ndaki klimay\u0131 daha d\u00fc\u015f\u00fck s\u0131cakl\u0131kta \u00e7al\u0131\u015ft\u0131rmak, daha iyi bir uyku kalitesi sa\u011flayabilir.<\/p>\n\n\n\n<p><strong>Denge: <\/strong>\u0130\u00e7 mekan s\u0131cakl\u0131\u011f\u0131n\u0131, d\u0131\u015f mekan s\u0131cakl\u0131\u011f\u0131 ile \u00e7ok b\u00fcy\u00fck farklar olu\u015fturmadan ayarlamak, v\u00fccudun \u0131s\u0131nma ve so\u011fuma s\u00fcre\u00e7lerini dengelemeye yard\u0131mc\u0131 olabilir.<\/p>\n\n\n\n<p>Klimay\u0131 s\u0131cakl\u0131k ve enerji tasarrufu a\u00e7\u0131s\u0131ndan ayarlarken dikkat etmeniz gereken \u00f6nemli nokta, i\u00e7 ve d\u0131\u015f s\u0131cakl\u0131klar aras\u0131ndaki b\u00fcy\u00fck farklar\u0131n v\u00fccut \u00fczerinde etkileridir. A\u015f\u0131r\u0131 so\u011fuk bir i\u00e7 mekan s\u0131cakl\u0131\u011f\u0131, v\u00fccutta \u00fc\u015f\u00fctmeye neden olabilir ve sa\u011fl\u0131k sorunlar\u0131na yol a\u00e7abilir. Bu nedenle, uygun bir s\u0131cakl\u0131k seviyesini se\u00e7erken i\u00e7 mekan konforu ve sa\u011fl\u0131\u011f\u0131n\u0131z\u0131 g\u00f6z \u00f6n\u00fcnde bulundurman\u0131z \u00f6nemlidir.<\/p>\n","protected":false},"excerpt":{"rendered":"<p>S\u0131cak hava ko\u015fullar\u0131nda klimay\u0131 ne s\u0131cakl\u0131kta \u00e7al\u0131\u015ft\u0131rman\u0131z gerekti\u011fi, ki\u015fisel tercihlerinize, iklim ko\u015fullar\u0131na ve enerji tasarrufuna y\u00f6nelik hedeflerinize ba\u011fl\u0131 olarak de\u011fi\u015febilir. Ancak, genellikle s\u0131cak hava ko\u015fullar\u0131nda klimay\u0131 23-26\u00b0C (74-78\u00b0F) aras\u0131nda bir s\u0131cakl\u0131kta \u00e7al\u0131\u015ft\u0131rmak yayg\u0131n bir uygulamad\u0131r. \u0130\u015fte klimay\u0131 ne s\u0131cakl\u0131kta \u00e7al\u0131\u015ft\u0131rman\u0131z gerekti\u011fi konusunda dikkate alman\u0131z gereken baz\u0131 fakt\u00f6rler: Konfor Seviyesi: S\u0131cakl\u0131k tercihleri ki\u015fisel ve k\u00fclt\u00fcrel farkliliklar [&hellip;]<\/p>\n","protected":false},"author":1,"featured_media":425,"comment_status":"open","ping_status":"open","sticky":false,"template":"","format":"standard","meta":{"footnotes":""},"categories":[7],"tags":[],"class_list":["post-424","post","type-post","status-publish","format-standard","has-post-thumbnail","hentry","category-blog"],"aioseo_notices":[],"_links":{"self":[{"href":"https:\/\/www.smuzmandogalgaz.com.tr\/index.php\/wp-json\/wp\/v2\/posts\/424","targetHints":{"allow":["GET"]}}],"collection":[{"href":"https:\/\/www.smuzmandogalgaz.com.tr\/index.php\/wp-json\/wp\/v2\/posts"}],"about":[{"href":"https:\/\/www.smuzmandogalgaz.com.tr\/index.php\/wp-json\/wp\/v2\/types\/post"}],"author":[{"embeddable":true,"href":"https:\/\/www.smuzmandogalgaz.com.tr\/index.php\/wp-json\/wp\/v2\/users\/1"}],"replies":[{"embeddable":true,"href":"https:\/\/www.smuzmandogalgaz.com.tr\/index.php\/wp-json\/wp\/v2\/comments?post=424"}],"version-history":[{"count":1,"href":"https:\/\/www.smuzmandogalgaz.com.tr\/index.php\/wp-json\/wp\/v2\/posts\/424\/revisions"}],"predecessor-version":[{"id":426,"href":"https:\/\/www.smuzmandogalgaz.com.tr\/index.php\/wp-json\/wp\/v2\/posts\/424\/revisions\/426"}],"wp:featuredmedia":[{"embeddable":true,"href":"https:\/\/www.smuzmandogalgaz.com.tr\/index.php\/wp-json\/wp\/v2\/media\/425"}],"wp:attachment":[{"href":"https:\/\/www.smuzmandogalgaz.com.tr\/index.php\/wp-json\/wp\/v2\/media?parent=424"}],"wp:term":[{"taxonomy":"category","embeddable":true,"href":"https:\/\/www.smuzmandogalgaz.com.tr\/index.php\/wp-json\/wp\/v2\/categories?post=424"},{"taxonomy":"post_tag","embeddable":true,"href":"https:\/\/www.smuzmandogalgaz.com.tr\/index.php\/wp-json\/wp\/v2\/tags?post=424"}],"curies":[{"name":"wp","href":"https:\/\/api.w.org\/{rel}","templated":true}]}}